{"id":23,"date":"2024-05-13T19:44:23","date_gmt":"2024-05-13T17:44:23","guid":{"rendered":"https:\/\/wp.bienisch.de\/?p=23"},"modified":"2024-05-13T19:44:23","modified_gmt":"2024-05-13T17:44:23","slug":"herbst-mitgliederversammlung-2022","status":"publish","type":"post","link":"https:\/\/wp.bienisch.de\/index.php\/2024\/05\/13\/herbst-mitgliederversammlung-2022\/","title":{"rendered":"Herbst Mitgliederversammlung 2022"},"content":{"rendered":"\n<p><\/p>\n\n\n\n<p>Am Sonntag den 13.11.2022 fand wie gewohnt im Gasthaus Gravemeier unsere Herbst Mitgliederversammlung. In entspannter Runde wurden die anstehenden Themen wie die Imkerst\u00e4nde auf den Weihnachtsm\u00e4rkten in Lienen und Kattenvenne sowie geplante Kurse und Veranstaltungen f\u00fcr das kommende Jahr besprochen.<\/p>\n\n\n\n<p>Die Gelegenheit wurde auch kurzhand genutzt um den ehemaligen Vorsitzenden (G\u00fcnter Schnarre, links) sowie den aktuellen Vorsitzenden (Simon Samson) zusammen f\u00fcr einen Schappschuss vor die Linse zu bekommen.<\/p>\n","protected":false},"excerpt":{"rendered":"<p>Am Sonntag den 13.11.2022 fand wie gewohnt im Gasthaus Gravemeier unsere Herbst Mitgliederversammlung. In entspannter Runde wurden die anstehenden Themen wie die Imkerst\u00e4nde auf den Weihnachtsm\u00e4rkten in Lienen und Kattenvenne sowie geplante Kurse und Veranstaltungen f\u00fcr das kommende Jahr besprochen. Die Gelegenheit wurde auch kurzhand genutzt um den ehemaligen Vorsitzenden (G\u00fcnter Schnarre, links) sowie den&#8230;<\/p>\n","protected":false},"author":1,"featured_media":24,"comment_status":"open","ping_status":"open","sticky":false,"template":"","format":"standard","meta":{"footnotes":""},"categories":[1],"tags":[10],"class_list":["post-23","post","type-post","status-publish","format-standard","has-post-thumbnail","hentry","category-allgemein","tag-offizielles"],"_links":{"self":[{"href":"https:\/\/wp.bienisch.de\/index.php\/wp-json\/wp\/v2\/posts\/23","targetHints":{"allow":["GET"]}}],"collection":[{"href":"https:\/\/wp.bienisch.de\/index.php\/wp-json\/wp\/v2\/posts"}],"about":[{"href":"https:\/\/wp.bienisch.de\/index.php\/wp-json\/wp\/v2\/types\/post"}],"author":[{"embeddable":true,"href":"https:\/\/wp.bienisch.de\/index.php\/wp-json\/wp\/v2\/users\/1"}],"replies":[{"embeddable":true,"href":"https:\/\/wp.bienisch.de\/index.php\/wp-json\/wp\/v2\/comments?post=23"}],"version-history":[{"count":1,"href":"https:\/\/wp.bienisch.de\/index.php\/wp-json\/wp\/v2\/posts\/23\/revisions"}],"predecessor-version":[{"id":25,"href":"https:\/\/wp.bienisch.de\/index.php\/wp-json\/wp\/v2\/posts\/23\/revisions\/25"}],"wp:featuredmedia":[{"embeddable":true,"href":"https:\/\/wp.bienisch.de\/index.php\/wp-json\/wp\/v2\/media\/24"}],"wp:attachment":[{"href":"https:\/\/wp.bienisch.de\/index.php\/wp-json\/wp\/v2\/media?parent=23"}],"wp:term":[{"taxonomy":"category","embeddable":true,"href":"https:\/\/wp.bienisch.de\/index.php\/wp-json\/wp\/v2\/categories?post=23"},{"taxonomy":"post_tag","embeddable":true,"href":"https:\/\/wp.bienisch.de\/index.php\/wp-json\/wp\/v2\/tags?post=23"}],"curies":[{"name":"wp","href":"https:\/\/api.w.org\/{rel}","templated":true}]}}